{"id":4943,"date":"2025-09-22T09:03:21","date_gmt":"2025-09-22T09:03:21","guid":{"rendered":"https:\/\/buzetski-dani.com\/?p=4943"},"modified":"2025-09-22T09:21:42","modified_gmt":"2025-09-22T09:21:42","slug":"merli-still-king-of-the-european-hill-perekovic-unstoppable-in-croaita-a-magnificent-conclusion-to-the-44th-buzetski-dani","status":"publish","type":"post","link":"https:\/\/buzetski-dani.com\/hr\/merli-still-king-of-the-european-hill-perekovic-unstoppable-in-croaita-a-magnificent-conclusion-to-the-44th-buzetski-dani\/","title":{"rendered":"Merli i dalje kralj europskog brda, a Perekovi\u0107 neprikosnoven na hrvatskom &#8211; veli\u010danstven zavr\u0161etak 44. Buzetskih dana"},"content":{"rendered":"<p>Buzet je jo\u0161 jednom dokazao da \u017eivi i di\u0161e za automobilizam. Legendarna staza Most \u2013 Peni\u010di\u0107i ugostila je vi\u0161e od 15.000 gledatelja i vi\u0161e od 220 voza\u010da iz 17 zemalja, a zavr\u0161etak 44. Buzetskih dana \u2013 Europskog prvenstva u brdskim utrkama ostat \u0107e zapam\u0107en du\u017eini trajanja, po nevjerojatnoj atmosferi, napetim vo\u017enjama i \u0161ampionima koji su ponovno potvrdili svoj status.<\/p>\n\n\n\n<figure class=\"wp-block-image aligncenter size-full\"><img loading=\"lazy\" decoding=\"async\" width=\"955\" height=\"538\" src=\"https:\/\/buzetski-dani.com\/wp-content\/uploads\/2025\/09\/1.jpg\" alt=\"\" class=\"wp-image-4944\" srcset=\"https:\/\/buzetski-dani.com\/wp-content\/uploads\/2025\/09\/1.jpg 955w, https:\/\/buzetski-dani.com\/wp-content\/uploads\/2025\/09\/1-300x169.jpg 300w, https:\/\/buzetski-dani.com\/wp-content\/uploads\/2025\/09\/1-768x433.jpg 768w\" sizes=\"auto, (max-width: 955px) 100vw, 955px\" \/><figcaption class=\"wp-element-caption\"><em>Pitoresktni gradi\u0107 Buzet, slu\u017ebeno Grad tartufa no neslu\u017ebeno Grad oktana, doma\u0107in praznika automobilizma \u2013 Buzetskih dana, Autor: Dejan Hren<\/em><\/figcaption><\/figure>\n\n\n\n<hr class=\"wp-block-separator has-alpha-channel-opacity is-style-wide\"\/>\n\n\n\n<h3 class=\"wp-block-heading\">Merli ostaje kralj europskog brda<\/h3>\n\n\n\n<p>U apsolutnom poretku Europskog prvenstva o\u010dekivano je slavio Christian Merli (ITA, Nova Proto NP01), jo\u0161 jednom potvrdiv\u0161i za\u0161to ga zovu kraljem europskog brda. Merli je kroz dvije vo\u017enje postavio ukupno vrijeme 4:16,159, a za vratom mu je doslovno disao Francuz Kevin Petit (Nova Proto NP01) koji je zaostao svega 0,230 sekundi. Tre\u0107i je bio Joseba Iraola Lanzagorta (ESP, Nova NP01) s 3,010 sekundi zaostatka. Publika je svaku njihovu vo\u017enju nagradila gromoglasnim pljeskom jer razlike u stotinkama na buzetskih 5.001 metar zna\u010de samo jedno \u2013 vrhunski spektakl.<\/p>\n\n\n\n<div class=\"wp-block-uagb-container uagb-block-2edcf772 alignfull uagb-is-root-container\"><div class=\"uagb-container-inner-blocks-wrap\">\n<div class=\"wp-block-uagb-container uagb-block-0dd27802\">\n<figure class=\"wp-block-image aligncenter size-full\"><img loading=\"lazy\" decoding=\"async\" width=\"955\" height=\"635\" src=\"https:\/\/buzetski-dani.com\/wp-content\/uploads\/2025\/09\/2.jpg\" alt=\"\" class=\"wp-image-4945\" srcset=\"https:\/\/buzetski-dani.com\/wp-content\/uploads\/2025\/09\/2.jpg 955w, https:\/\/buzetski-dani.com\/wp-content\/uploads\/2025\/09\/2-300x199.jpg 300w, https:\/\/buzetski-dani.com\/wp-content\/uploads\/2025\/09\/2-768x511.jpg 768w\" sizes=\"auto, (max-width: 955px) 100vw, 955px\" \/><figcaption class=\"wp-element-caption\"><em>Prvak europskog brda u kategoriji 2 \u2013 Christian Merli, Autor: Uro\u0161 Modlic<\/em><\/figcaption><\/figure>\n<\/div>\n\n\n\n<div class=\"wp-block-uagb-container uagb-block-b4cf3514\">\n<figure class=\"wp-block-image aligncenter size-full\"><img loading=\"lazy\" decoding=\"async\" width=\"951\" height=\"634\" src=\"https:\/\/buzetski-dani.com\/wp-content\/uploads\/2025\/09\/3.jpg\" alt=\"\" class=\"wp-image-4946\" srcset=\"https:\/\/buzetski-dani.com\/wp-content\/uploads\/2025\/09\/3.jpg 951w, https:\/\/buzetski-dani.com\/wp-content\/uploads\/2025\/09\/3-300x200.jpg 300w, https:\/\/buzetski-dani.com\/wp-content\/uploads\/2025\/09\/3-768x512.jpg 768w\" sizes=\"auto, (max-width: 951px) 100vw, 951px\" \/><figcaption class=\"wp-element-caption\"><em>Novi prvak europe kategorije 1 &#8211; O&#8221; PLAY (ITA), Autor: Uro\u0161 Modlic<\/em><\/figcaption><\/figure>\n<\/div>\n<\/div><\/div>\n\n\n\n<hr class=\"wp-block-separator has-alpha-channel-opacity is-style-wide\"\/>\n\n\n\n<h3 class=\"wp-block-heading\">Perekovi\u0107 brani hrvatski tron i CEZ naslov<\/h3>\n\n\n\n<p>Na nacionalnoj razini i u Prvenstvu Hrvatske neprikosnoven je ponovno bio Domagoj Perekovi\u0107 (Mitsubishi Lancer EVO IX). S najbr\u017eim vremenom vo\u017enje 2:29,101 i ukupnim vremenom obje vo\u017enje 4:58,399, te prosje\u010dnom brzinom od 120,667 km\/h, Perekovi\u0107 je potvrdio status nedodirljivog kralja buzetskog a i hrvatskog brda.<\/p>\n\n\n\n<figure class=\"wp-block-image aligncenter size-full\"><img loading=\"lazy\" decoding=\"async\" width=\"953\" height=\"638\" src=\"https:\/\/buzetski-dani.com\/wp-content\/uploads\/2025\/09\/4.jpg\" alt=\"\" class=\"wp-image-4947\" srcset=\"https:\/\/buzetski-dani.com\/wp-content\/uploads\/2025\/09\/4.jpg 953w, https:\/\/buzetski-dani.com\/wp-content\/uploads\/2025\/09\/4-300x201.jpg 300w, https:\/\/buzetski-dani.com\/wp-content\/uploads\/2025\/09\/4-768x514.jpg 768w\" sizes=\"auto, (max-width: 953px) 100vw, 953px\" \/><figcaption class=\"wp-element-caption\"><em>Apsolutni pobjednik Prvenstva Hrvatske \u2013 Domagoj Perekovi\u0107, Autor: Uro\u0161 Modlic<\/em><\/figcaption><\/figure>\n\n\n\n<p>Iza njega, drugo mjesto zauzeo je Filip Magdi\u0107 (Gibson RME) s 12,579 sekundi zaostatka, dok je tre\u0107i bio aktualni europski prvak u Kategoriji 1, Matija Juri\u0161i\u0107 (Peugeot 308 1.6 TCR) s 13,985 sekundi zaostatka i prosje\u010dnom brzinom od 115,265 km\/h.<\/p>\n\n\n\n<p>Perekovi\u0107 je dominirao i u CEZ prvenstvu, gdje je ponovno stao na najvi\u0161u stepenicu postolja. Drugi je bio Vladimir Stankovi\u0107 (Wolf GB08 Thunder) s minimalnim zaostatkom od 0,945 sekundi, a tre\u0107i Szymon Piekos (Mitsubishi Lancer EVO) s 3,231 sekundi zaostatka.<\/p>\n\n\n\n<hr class=\"wp-block-separator has-alpha-channel-opacity is-style-wide\"\/>\n\n\n\n<h3 class=\"wp-block-heading\">Slovenci i povijesni bolidi u Buzetu<\/h3>\n\n\n\n<p>U Prvenstvu Slovenije slavio je iskusni Milan Bubni\u0107 (Lancia Delta HF Integrale) s ukupnim vremenom 5:07,845, ispred Matev\u017ea \u010cudena (Porsche GT3 991.2) i An\u017eea Dovjaka (Hyundai i30 TCR).<\/p>\n\n\n\n<p>Publiku su posebno odu\u0161evili nastupi natjecatelja u sklopu FIA Historic Hill Climb Championshipa, gdje je slavio Talijan Peiro Lottini (Osella PA9\/90) s ukupnim vremenom 5:15,894. Drugi je bio Austrijanac Harald Mossler (Daren MK3), a tre\u0107i Talijan Alessandro Bertanza (Lucchini SN86).<\/p>\n\n\n\n<hr class=\"wp-block-separator has-alpha-channel-opacity is-style-wide\"\/>\n\n\n\n<h3 class=\"wp-block-heading\">Dodatni sadr\u017eaji \u2013 praznik za sve generacije<\/h3>\n\n\n\n<p>Osim \u017eestokih borbi na stazi, Buzet je cijeli vikend \u017eivio bogat program. Porsche Club Adria odu\u0161evio je posjetitelje promotivnim vo\u017enjama du\u017e staze Most \u2013 Peni\u010di\u0107i, dok je posebna atrakcija bila vo\u017enja Juraja \u0160ebalja koji je sretnog dobitnika nagradne igre provozao u svojoj novoj Toyoti s kojom \u0107e nastupiti na sljede\u0107em Rallyju Dakar.<\/p>\n\n\n\n<figure class=\"wp-block-image aligncenter size-full\"><img loading=\"lazy\" decoding=\"async\" width=\"954\" height=\"771\" src=\"https:\/\/buzetski-dani.com\/wp-content\/uploads\/2025\/09\/5.jpg\" alt=\"\" class=\"wp-image-4948\" srcset=\"https:\/\/buzetski-dani.com\/wp-content\/uploads\/2025\/09\/5.jpg 954w, https:\/\/buzetski-dani.com\/wp-content\/uploads\/2025\/09\/5-300x242.jpg 300w, https:\/\/buzetski-dani.com\/wp-content\/uploads\/2025\/09\/5-768x621.jpg 768w\" sizes=\"auto, (max-width: 954px) 100vw, 954px\" \/><figcaption class=\"wp-element-caption\"><em>Porsche Club Adria suvoza\u010dko iskustvo, Autor: Dejan Hren<\/em><\/figcaption><\/figure>\n\n\n\n<p>Gledatelji su u\u017eivali i u glazbenom programu, gastro kutku, izlo\u017ebi oldtimera, a mladi posjetitelji u ForSTEM LEGO i Formula Student Alpe Adria radionicama, koje su pokazale da budu\u0107nost in\u017eenjerstva u Hrvatskoj ima svijetle temelje.<\/p>\n\n\n\n<hr class=\"wp-block-separator has-alpha-channel-opacity is-style-wide\"\/>\n\n\n\n<h3 class=\"wp-block-heading\">Grad koji \u017eivi za utrku<\/h3>\n\n\n\n<p>Uz podr\u0161ku vi\u0161e od 250 ljudi u organizaciji, tehni\u010dki besprijekornu pripremu staze i suradnju s policijom, vatrogascima i medicinskim slu\u017ebama, Buzetski dani su jo\u0161 jednom potvrdili status najbolje organizirane utrke u Hrvatskoj te jedne od najbolje organiziranih brdskih utrka u Europi. Buzet je ovih dana ponovno disao kao jedno \u2013 publika, volonteri, ugostitelji i mje\u0161tani cijelog grada dali su poseban ritam utrci i pokazali da je rije\u010d o doga\u0111aju koji nadilazi sport.<\/p>\n\n\n\n<figure class=\"wp-block-image aligncenter size-full\"><img loading=\"lazy\" decoding=\"async\" width=\"953\" height=\"634\" src=\"https:\/\/buzetski-dani.com\/wp-content\/uploads\/2025\/09\/6.jpg\" alt=\"\" class=\"wp-image-4949\" srcset=\"https:\/\/buzetski-dani.com\/wp-content\/uploads\/2025\/09\/6.jpg 953w, https:\/\/buzetski-dani.com\/wp-content\/uploads\/2025\/09\/6-300x200.jpg 300w, https:\/\/buzetski-dani.com\/wp-content\/uploads\/2025\/09\/6-768x511.jpg 768w\" sizes=\"auto, (max-width: 953px) 100vw, 953px\" \/><figcaption class=\"wp-element-caption\"><em>Do\u010dek svakog natjecatelja kao pobjednika \u2013 Komu\u0161\u0107ica, Buzet, Autor: Uro\u0161 Modlic<\/em><\/figcaption><\/figure>\n\n\n\n<p>44. Buzetski dani ostat \u0107e zapam\u0107eni kao vikend vrhunskih vo\u017enji, testiranju psiho-fizi\u010dke spremnosti, sjajnih pobjednika i atmosfere koja Buzet svake godine iznova upisuje na europsku kartu automobilisti\u010dkih sredi\u0161ta.<\/p>\n\n\n\n<p><strong>Sljede\u0107i 45. Buzetski dani \u2013 Europsko prvenstvo u brdskim utrkama 2026. godine<\/strong> odr\u017eavaju se od <strong>18. do 20. rujna<\/strong>. Buzet, staza Most \u2013 Peni\u010di\u0107i (5.001 m, 32 zavoja).<\/p>\n\n\n\n<p><strong>Rezervirajte datum i budite dio najve\u0107eg automobilisti\u010dkog spektakla u ovom dijelu Europe \u2013 praznika automobilizma<\/strong> koji svake godine okuplja najbolje voza\u010de, tisu\u0107e gledatelja i donosi atmosferu kakvu mo\u017ee pru\u017eiti samo Buzet. Vidimo se na stazi!<\/p>\n\n\n\n<p><\/p>","protected":false},"excerpt":{"rendered":"<p>Buzet je jo\u0161 jednom dokazao da \u017eivi i di\u0161e za automobilizam. Legendarna staza Most \u2013 Peni\u010di\u0107i ugostila je vi\u0161e od 15.000 gledatelja i vi\u0161e od 220 voza\u010da iz 17 zemalja, a zavr\u0161etak 44. Buzetskih dana \u2013 Europskog prvenstva u brdskim utrkama ostat \u0107e zapam\u0107en du\u017eini trajanja, po nevjerojatnoj atmosferi, napetim vo\u017enjama i \u0161ampionima koji su [&hellip;]<\/p>\n","protected":false},"author":1,"featured_media":4944,"comment_status":"closed","ping_status":"closed","sticky":false,"template":"","format":"standard","meta":{"_uag_custom_page_level_css":"em {\n    font-size: 13px;\n}","site-sidebar-layout":"default","site-content-layout":"","ast-site-content-layout":"default","site-content-style":"default","site-sidebar-style":"default","ast-global-header-display":"","ast-banner-title-visibility":"","ast-main-header-display":"","ast-hfb-above-header-display":"","ast-hfb-below-header-display":"","ast-hfb-mobile-header-display":"","site-post-title":"","ast-breadcrumbs-content":"","ast-featured-img":"","footer-sml-layout":"","ast-disable-related-posts":"","theme-transparent-header-meta":"","adv-header-id-meta":"","stick-header-meta":"","header-above-stick-meta":"","header-main-stick-meta":"","header-below-stick-meta":"","astra-migrate-meta-layouts":"set","ast-page-background-enabled":"default","ast-page-background-meta":{"desktop":{"background-color":"","background-image":"","background-repeat":"repeat","background-position":"center center","background-size":"auto","background-attachment":"scroll","background-type":"","background-media":"","overlay-type":"","overlay-color":"","overlay-opacity":"","overlay-gradient":""},"tablet":{"background-color":"","background-image":"","background-repeat":"repeat","background-position":"center center","background-size":"auto","background-attachment":"scroll","background-type":"","background-media":"","overlay-type":"","overlay-color":"","overlay-opacity":"","overlay-gradient":""},"mobile":{"background-color":"","background-image":"","background-repeat":"repeat","background-position":"center center","background-size":"auto","background-attachment":"scroll","background-type":"","background-media":"","overlay-type":"","overlay-color":"","overlay-opacity":"","overlay-gradient":""}},"ast-content-background-meta":{"desktop":{"background-color":"var(--ast-global-color-5)","background-image":"","background-repeat":"repeat","background-position":"center center","background-size":"auto","background-attachment":"scroll","background-type":"","background-media":"","overlay-type":"","overlay-color":"","overlay-opacity":"","overlay-gradient":""},"tablet":{"background-color":"var(--ast-global-color-5)","background-image":"","background-repeat":"repeat","background-position":"center center","background-size":"auto","background-attachment":"scroll","background-type":"","background-media":"","overlay-type":"","overlay-color":"","overlay-opacity":"","overlay-gradient":""},"mobile":{"background-color":"var(--ast-global-color-5)","background-image":"","background-repeat":"repeat","background-position":"center center","background-size":"auto","background-attachment":"scroll","background-type":"","background-media":"","overlay-type":"","overlay-color":"","overlay-opacity":"","overlay-gradient":""}},"footnotes":""},"categories":[1],"tags":[],"class_list":["post-4943","post","type-post","status-publish","format-standard","has-post-thumbnail","hentry","category-novosti"],"uagb_featured_image_src":{"full":["https:\/\/buzetski-dani.com\/wp-content\/uploads\/2025\/09\/1.jpg",955,538,false],"thumbnail":["https:\/\/buzetski-dani.com\/wp-content\/uploads\/2025\/09\/1-500x300.jpg",500,300,true],"medium":["https:\/\/buzetski-dani.com\/wp-content\/uploads\/2025\/09\/1-300x169.jpg",300,169,true],"medium_large":["https:\/\/buzetski-dani.com\/wp-content\/uploads\/2025\/09\/1-768x433.jpg",768,433,true],"large":["https:\/\/buzetski-dani.com\/wp-content\/uploads\/2025\/09\/1.jpg",955,538,false],"1536x1536":["https:\/\/buzetski-dani.com\/wp-content\/uploads\/2025\/09\/1.jpg",955,538,false],"2048x2048":["https:\/\/buzetski-dani.com\/wp-content\/uploads\/2025\/09\/1.jpg",955,538,false]},"uagb_author_info":{"display_name":"Buzetski dani","author_link":"https:\/\/buzetski-dani.com\/hr\/author\/karmen\/"},"uagb_comment_info":0,"uagb_excerpt":"Buzet je jo\u0161 jednom dokazao da \u017eivi i di\u0161e za automobilizam. Legendarna staza Most \u2013 Peni\u010di\u0107i ugostila je vi\u0161e od 15.000 gledatelja i vi\u0161e od 220 voza\u010da iz 17 zemalja, a zavr\u0161etak 44. Buzetskih dana \u2013 Europskog prvenstva u brdskim utrkama ostat \u0107e zapam\u0107en du\u017eini trajanja, po nevjerojatnoj atmosferi, napetim vo\u017enjama i \u0161ampionima koji su&hellip;","_links":{"self":[{"href":"https:\/\/buzetski-dani.com\/hr\/wp-json\/wp\/v2\/posts\/4943","targetHints":{"allow":["GET"]}}],"collection":[{"href":"https:\/\/buzetski-dani.com\/hr\/wp-json\/wp\/v2\/posts"}],"about":[{"href":"https:\/\/buzetski-dani.com\/hr\/wp-json\/wp\/v2\/types\/post"}],"author":[{"embeddable":true,"href":"https:\/\/buzetski-dani.com\/hr\/wp-json\/wp\/v2\/users\/1"}],"replies":[{"embeddable":true,"href":"https:\/\/buzetski-dani.com\/hr\/wp-json\/wp\/v2\/comments?post=4943"}],"version-history":[{"count":8,"href":"https:\/\/buzetski-dani.com\/hr\/wp-json\/wp\/v2\/posts\/4943\/revisions"}],"predecessor-version":[{"id":4960,"href":"https:\/\/buzetski-dani.com\/hr\/wp-json\/wp\/v2\/posts\/4943\/revisions\/4960"}],"wp:featuredmedia":[{"embeddable":true,"href":"https:\/\/buzetski-dani.com\/hr\/wp-json\/wp\/v2\/media\/4944"}],"wp:attachment":[{"href":"https:\/\/buzetski-dani.com\/hr\/wp-json\/wp\/v2\/media?parent=4943"}],"wp:term":[{"taxonomy":"category","embeddable":true,"href":"https:\/\/buzetski-dani.com\/hr\/wp-json\/wp\/v2\/categories?post=4943"},{"taxonomy":"post_tag","embeddable":true,"href":"https:\/\/buzetski-dani.com\/hr\/wp-json\/wp\/v2\/tags?post=4943"}],"curies":[{"name":"wp","href":"https:\/\/api.w.org\/{rel}","templated":true}]}}